{"id":5400,"date":"2026-04-24T09:13:05","date_gmt":"2026-04-24T07:13:05","guid":{"rendered":"https:\/\/www.belmontedegracian.es\/?p=5400"},"modified":"2026-04-24T09:16:31","modified_gmt":"2026-04-24T07:16:31","slug":"belmonte-de-gracian-celebra-las-fiestas-de-san-martin-los-dias-1-y-2-de-mayo","status":"publish","type":"post","link":"https:\/\/www.belmontedegracian.es\/?p=5400","title":{"rendered":"Belmonte de Graci\u00e1n celebra las fiestas de San Mart\u00edn los d\u00edas 1 y 2 de mayo"},"content":{"rendered":"\n<p>La Comisi\u00f3n de Fiestas de Belmonte de Graci\u00e1n ha preparado un completo programa de actividades para celebrar las tradicionales fiestas de San Mart\u00edn, que tendr\u00e1n lugar los d\u00edas <strong>viernes 1 y s\u00e1bado 2 de mayo de 2026<\/strong>.<\/p>\n\n\n\n<p>Durante dos jornadas, vecinos y visitantes podr\u00e1n disfrutar de un ambiente festivo con m\u00fasica, gastronom\u00eda y propuestas para todos los p\u00fablicos.<\/p>\n\n\n\n<p>El <strong>viernes 1 de mayo<\/strong> arrancar\u00e1 la programaci\u00f3n a las <strong>19:00 horas<\/strong> con la actuaci\u00f3n de <em>Carmelin<\/em>. A las <strong>21:00 horas<\/strong> tendr\u00e1 lugar la <strong>cena popular<\/strong>, uno de los momentos m\u00e1s esperados para compartir mesa y buen ambiente. La noche continuar\u00e1 con la m\u00fasica del <strong>Grupo Lamines<\/strong> a partir de las <strong>23:30 horas<\/strong>.<\/p>\n\n\n\n<p>El <strong>s\u00e1bado 2 de mayo<\/strong> comenzar\u00e1 con animaci\u00f3n musical a cargo de la <strong>Charanga La Uni\u00f3n<\/strong> a las <strong>20:00 horas<\/strong>, llenando las calles de ritmo y diversi\u00f3n. A las <strong>22:00 horas<\/strong> se celebrar\u00e1 un <strong>picoteo en el pabell\u00f3n<\/strong>, acompa\u00f1ado de bingo. La fiesta nocturna arrancar\u00e1 a las <strong>00:00 horas<\/strong> con la sesi\u00f3n de <strong>DJ Sergio G<\/strong>, y continuar\u00e1 hasta el cierre con <strong>DJ SUL<\/strong>.<\/p>\n\n\n\n<p>Desde la organizaci\u00f3n se invita a todos los vecinos, as\u00ed como a quienes deseen acercarse, a participar en estas fiestas que combinan tradici\u00f3n, convivencia y ocio.<\/p>\n\n\n\n<figure class=\"wp-block-gallery has-nested-images columns-default is-cropped wp-block-gallery-1 is-layout-flex wp-block-gallery-is-layout-flex\"><\/figure>\n\n\n<div class=\"wp-block-image\">\n<figure class=\"aligncenter size-large is-resized\"><img fetchpriority=\"high\" decoding=\"async\" width=\"797\" height=\"1024\" src=\"http:\/\/www.belmontedegracian.es\/wp-content\/uploads\/2026\/04\/WhatsApp-Image-2026-04-15-at-10.06.20-797x1024.jpeg\" alt=\"\" class=\"wp-image-5401\" style=\"aspect-ratio:0.7783263094521373;width:525px;height:auto\" srcset=\"https:\/\/www.belmontedegracian.es\/wp-content\/uploads\/2026\/04\/WhatsApp-Image-2026-04-15-at-10.06.20-797x1024.jpeg 797w, https:\/\/www.belmontedegracian.es\/wp-content\/uploads\/2026\/04\/WhatsApp-Image-2026-04-15-at-10.06.20-233x300.jpeg 233w, https:\/\/www.belmontedegracian.es\/wp-content\/uploads\/2026\/04\/WhatsApp-Image-2026-04-15-at-10.06.20-117x150.jpeg 117w, https:\/\/www.belmontedegracian.es\/wp-content\/uploads\/2026\/04\/WhatsApp-Image-2026-04-15-at-10.06.20-768x987.jpeg 768w, https:\/\/www.belmontedegracian.es\/wp-content\/uploads\/2026\/04\/WhatsApp-Image-2026-04-15-at-10.06.20.jpeg 1080w\" sizes=\"(max-width: 797px) 100vw, 797px\" \/><\/figure>\n<\/div>","protected":false},"excerpt":{"rendered":"<p>La Comisi\u00f3n de Fiestas de Belmonte de Graci\u00e1n ha preparado un completo programa de actividades para celebrar las tradicionales fiestas de San Mart\u00edn, que tendr\u00e1n lugar los d\u00edas viernes 1 y s\u00e1bado 2 de mayo de 2026. Durante dos jornadas, vecinos y visitantes podr\u00e1n disfrutar de un ambiente festivo con m\u00fasica, gastronom\u00eda y propuestas para [&hellip;]<\/p>\n","protected":false},"author":3,"featured_media":5401,"comment_status":"closed","ping_status":"closed","sticky":false,"template":"","format":"aside","meta":{"footnotes":""},"categories":[3],"tags":[],"class_list":["post-5400","post","type-post","status-publish","format-aside","has-post-thumbnail","hentry","category-inicio","post_format-post-format-aside"],"_links":{"self":[{"href":"https:\/\/www.belmontedegracian.es\/index.php?rest_route=\/wp\/v2\/posts\/5400","targetHints":{"allow":["GET"]}}],"collection":[{"href":"https:\/\/www.belmontedegracian.es\/index.php?rest_route=\/wp\/v2\/posts"}],"about":[{"href":"https:\/\/www.belmontedegracian.es\/index.php?rest_route=\/wp\/v2\/types\/post"}],"author":[{"embeddable":true,"href":"https:\/\/www.belmontedegracian.es\/index.php?rest_route=\/wp\/v2\/users\/3"}],"replies":[{"embeddable":true,"href":"https:\/\/www.belmontedegracian.es\/index.php?rest_route=%2Fwp%2Fv2%2Fcomments&post=5400"}],"version-history":[{"count":2,"href":"https:\/\/www.belmontedegracian.es\/index.php?rest_route=\/wp\/v2\/posts\/5400\/revisions"}],"predecessor-version":[{"id":5404,"href":"https:\/\/www.belmontedegracian.es\/index.php?rest_route=\/wp\/v2\/posts\/5400\/revisions\/5404"}],"wp:featuredmedia":[{"embeddable":true,"href":"https:\/\/www.belmontedegracian.es\/index.php?rest_route=\/wp\/v2\/media\/5401"}],"wp:attachment":[{"href":"https:\/\/www.belmontedegracian.es\/index.php?rest_route=%2Fwp%2Fv2%2Fmedia&parent=5400"}],"wp:term":[{"taxonomy":"category","embeddable":true,"href":"https:\/\/www.belmontedegracian.es\/index.php?rest_route=%2Fwp%2Fv2%2Fcategories&post=5400"},{"taxonomy":"post_tag","embeddable":true,"href":"https:\/\/www.belmontedegracian.es\/index.php?rest_route=%2Fwp%2Fv2%2Ftags&post=5400"}],"curies":[{"name":"wp","href":"https:\/\/api.w.org\/{rel}","templated":true}]}}